{"id":691,"date":"2026-04-10T17:32:26","date_gmt":"2026-04-10T17:32:26","guid":{"rendered":"https:\/\/historicrallyfafe.com\/?p=691"},"modified":"2026-04-10T17:33:46","modified_gmt":"2026-04-10T17:33:46","slug":"jacob-consolida-lideranca","status":"publish","type":"post","link":"https:\/\/historicrallyfafe.com\/en\/jacob-consolida-lideranca\/","title":{"rendered":"Jacob consolidates lead"},"content":{"rendered":"<div data-elementor-type=\"wp-post\" data-elementor-id=\"691\" class=\"elementor elementor-691\" data-elementor-post-type=\"post\">\n\t\t\t\t<div class=\"elementor-element elementor-element-13490151 e-flex e-con-boxed e-con e-parent\" data-id=\"13490151\" data-element_type=\"container\" data-e-type=\"container\">\n\t\t\t\t\t<div class=\"e-con-inner\">\n\t\t\t\t<div class=\"elementor-element elementor-element-30acb662 elementor-widget elementor-widget-heading\" data-id=\"30acb662\" data-element_type=\"widget\" data-e-type=\"widget\" data-widget_type=\"heading.default\">\n\t\t\t\t\t<h2 class=\"elementor-heading-title elementor-size-default\">Jacob consolidates lead<\/h2>\t\t\t\t<\/div>\n\t\t\t\t\t<\/div>\n\t\t\t\t<\/div>\n\t\t<div class=\"elementor-element elementor-element-23189c3e e-flex e-con-boxed e-con e-parent\" data-id=\"23189c3e\" data-element_type=\"container\" data-e-type=\"container\">\n\t\t\t\t\t<div class=\"e-con-inner\">\n\t\t\t\t<div class=\"elementor-element elementor-element-2bd2a02 elementor-widget elementor-widget-image\" data-id=\"2bd2a02\" data-element_type=\"widget\" data-e-type=\"widget\" data-widget_type=\"image.default\">\n\t\t\t\t\t\t\t\t\t\t\t\t\t\t\t<img fetchpriority=\"high\" decoding=\"async\" width=\"800\" height=\"533\" src=\"https:\/\/historicrallyfafe.com\/wp-content\/uploads\/2026\/04\/Jesus-Ferreiro-Perez_Historic-Rally-Fafe_PR05_-Large-1024x682.jpeg\" class=\"attachment-large size-large wp-image-693\" alt=\"\" srcset=\"https:\/\/historicrallyfafe.com\/wp-content\/uploads\/2026\/04\/Jesus-Ferreiro-Perez_Historic-Rally-Fafe_PR05_-Large-1024x682.jpeg 1024w, https:\/\/historicrallyfafe.com\/wp-content\/uploads\/2026\/04\/Jesus-Ferreiro-Perez_Historic-Rally-Fafe_PR05_-Large-300x200.jpeg 300w, https:\/\/historicrallyfafe.com\/wp-content\/uploads\/2026\/04\/Jesus-Ferreiro-Perez_Historic-Rally-Fafe_PR05_-Large-768x512.jpeg 768w, https:\/\/historicrallyfafe.com\/wp-content\/uploads\/2026\/04\/Jesus-Ferreiro-Perez_Historic-Rally-Fafe_PR05_-Large-18x12.jpeg 18w, https:\/\/historicrallyfafe.com\/wp-content\/uploads\/2026\/04\/Jesus-Ferreiro-Perez_Historic-Rally-Fafe_PR05_-Large.jpeg 1280w\" sizes=\"(max-width: 800px) 100vw, 800px\" \/>\t\t\t\t\t\t\t\t\t\t\t\t\t\t\t<\/div>\n\t\t\t\t\t<\/div>\n\t\t\t\t<\/div>\n\t\t<div class=\"elementor-element elementor-element-30d04502 e-flex e-con-boxed e-con e-parent\" data-id=\"30d04502\" data-element_type=\"container\" data-e-type=\"container\" data-settings=\"{&quot;background_background&quot;:&quot;classic&quot;}\">\n\t\t\t\t\t<div class=\"e-con-inner\">\n\t\t\t\t<div class=\"elementor-element elementor-element-69889aeb elementor-widget elementor-widget-text-editor\" data-id=\"69889aeb\" data-element_type=\"widget\" data-e-type=\"widget\" data-widget_type=\"text-editor.default\">\n\t\t\t\t\t\t\t\t\t<div class=\"x14z9mp xat24cr x1lziwak x1vvkbs xtlvy1s x126k92a\"><div dir=\"auto\"><p class=\"p1\">The Belgian duo Christophe Jacob\/Isabelle Regnier, in a Ford Escort RS 1800, finished the first stage of the Historic Rally Fafe\u2014the opening round of the FIA European Historic Rally Championship on gravel\u2014this Friday with a 20.7s lead over Sammarinese Nemo Mazza (Ford Escort RS), after completing the first six special stages (69.14 km).<\/p><p class=\"p1\">Jacob took the lead in the second \"special\" from Spaniard Daniel Alonso Villaron (Ford Escort RS 2000)\u2014who eventually lost significant time and retired due to mechanical problems\u2014and never let it go, resisting attacks from both Jesus Ferreiro Perez (Ford Escort RS 1800) and Nemo Mazza (Ford Escort RS). The latter overtook the Spanish driver during the morning round and held onto the position tooth and nail from then on.<\/p><\/div><\/div>\t\t\t\t\t\t\t\t<\/div>\n\t\t<div class=\"elementor-element elementor-element-431f8e8 e-con-full e-flex e-con e-child\" data-id=\"431f8e8\" data-element_type=\"container\" data-e-type=\"container\">\n\t\t\t\t<div class=\"elementor-element elementor-element-691d393 elementor-widget elementor-widget-image\" data-id=\"691d393\" data-element_type=\"widget\" data-e-type=\"widget\" data-widget_type=\"image.default\">\n\t\t\t\t\t\t\t\t\t\t\t\t\t\t\t<img decoding=\"async\" width=\"800\" height=\"533\" src=\"https:\/\/historicrallyfafe.com\/wp-content\/uploads\/2026\/04\/Jose-Cruz_Historic-Rally-Fafe_PR05_-Large-1024x682.jpeg\" class=\"attachment-large size-large wp-image-694\" alt=\"\" srcset=\"https:\/\/historicrallyfafe.com\/wp-content\/uploads\/2026\/04\/Jose-Cruz_Historic-Rally-Fafe_PR05_-Large-1024x682.jpeg 1024w, https:\/\/historicrallyfafe.com\/wp-content\/uploads\/2026\/04\/Jose-Cruz_Historic-Rally-Fafe_PR05_-Large-300x200.jpeg 300w, https:\/\/historicrallyfafe.com\/wp-content\/uploads\/2026\/04\/Jose-Cruz_Historic-Rally-Fafe_PR05_-Large-768x512.jpeg 768w, https:\/\/historicrallyfafe.com\/wp-content\/uploads\/2026\/04\/Jose-Cruz_Historic-Rally-Fafe_PR05_-Large-18x12.jpeg 18w, https:\/\/historicrallyfafe.com\/wp-content\/uploads\/2026\/04\/Jose-Cruz_Historic-Rally-Fafe_PR05_-Large.jpeg 1280w\" sizes=\"(max-width: 800px) 100vw, 800px\" \/>\t\t\t\t\t\t\t\t\t\t\t\t\t\t\t<\/div>\n\t\t\t\t<\/div>\n\t\t\t\t\t<\/div>\n\t\t\t\t<\/div>\n\t\t<div class=\"elementor-element elementor-element-0fc4915 e-flex e-con-boxed e-con e-parent\" data-id=\"0fc4915\" data-element_type=\"container\" data-e-type=\"container\" data-settings=\"{&quot;background_background&quot;:&quot;classic&quot;}\">\n\t\t\t\t\t<div class=\"e-con-inner\">\n\t\t\t\t<div class=\"elementor-element elementor-element-c1ca0a6 elementor-widget elementor-widget-text-editor\" data-id=\"c1ca0a6\" data-element_type=\"widget\" data-e-type=\"widget\" data-widget_type=\"text-editor.default\">\n\t\t\t\t\t\t\t\t\t<div class=\"x14z9mp xat24cr x1lziwak x1vvkbs xtlvy1s x126k92a\"><div dir=\"auto\"><p class=\"p1\">The rally is far from being decided, even in the middle of the standings, especially as the second and final stage, this Saturday, includes six more special stages (67 km), with a double pass through Seixoso, Montim, and Lameirinha.<\/p><p class=\"p3\"><b>Classification<\/b><\/p><p class=\"p1\">1\u00ba, Christophe Jacob\/Isabelle Regnier (Ford Escort RS 1800), 58m12,9s<\/p><p class=\"p1\">2\u00ba, Nemo Mazza\/Mauro Marchiori (Ford Escort RS), a 20.7s<\/p><p class=\"p1\">3\u00ba, Jesus Ferreira Perez\/Javier Anido Vasquez (Ford Escort RS 1800), a 31.5<\/p><p class=\"p1\">4\u00ba, Darryn Snooks\/Stewart Snooks (Ford Escort RS 1800), a 44.4<\/p><p class=\"p1\">5\u00ba, Pasi Hapulahti\/Antti Nordstrom (Volvo 242), a 1.34.3<\/p><p class=\"p1\">6\u00ba, Oldrich Kovarik Jnr\/Marek Kapic (Skoda Favorit 136L), a 2.38.0<\/p><p class=\"p1\">7\u00ba, Lukas Schindelegger\/Helmut Schindelegger (Ford Escort RS 2000 MKII), a 2.46.2<\/p><p class=\"p1\">8\u00ba, Nikolaos Pavlidis\/Dimitrios Amaxopoulos (Fiat 131 Abarth), a 2.55.0<\/p><p class=\"p1\">9\u00ba, Siegfried Mayr\/Renate Mayr (Volvo 240), a 3.03.9<\/p><p class=\"p1\">10\u00ba, Manel Arroyo Perez\/Miquel Amblas Madriguera (Porsche 911), a 3.12.7<\/p><p class=\"p1\">Filipe Madureira, in a Nissan Micra 1.3, continued to be the fastest in the Portuguese Rally Cup event, maintaining a comfortable margin (29.1s) over Jos\u00e9 Cruz (Porsche 928 S). Moving into third place is Ant\u00f3nio Pinto dos Santos (Renault 4L), who benefited from mechanical problems with An\u00edbal Rolo's Datsun 1200.<\/p><p class=\"p4\"><b>HISTORIC RALLY FAFE \u2013 SCHEDULE<\/b><b><\/b><\/p><p class=\"p6\"><span class=\"s1\"><b>SATURDAY<\/b><\/span><span class=\"s2\"><b> <\/b>(11 abril)<\/span><\/p><p class=\"p6\">Partida (Feira Velha) 09h30<\/p><p class=\"p6\">Parque de Assist\u00eancia (Pra\u00e7a das Comunidades) 09h37\/09H52<\/p><p class=\"p6\"><b>PEC 7 \u2013 Seixoso 1 <\/b>(9,97 km)<b> 10h45<\/b><\/p><p class=\"p6\"><b>PEC 8 \u2013 Montim 1 <\/b>(8,63 km)<b> 11h38<\/b><\/p><p class=\"p6\"><b>PEC 9 \u2013 Lameirinha <\/b>(14,9 km)<b> 12h06<\/b><\/p><p class=\"p6\">Reagrupamento (Feira Velha) 12h51\/13h01<\/p><p class=\"p6\">Parque de Assist\u00eancia (Pra\u00e7a das Comunidades) 13h08\/13h38<\/p><p class=\"p6\"><b>PEC 10 \u2013 Seixoso 2 14h31<\/b><\/p><p class=\"p6\"><b>PEC 11 \u2013 Montim 2 15h24<\/b><\/p><p class=\"p6\"><b>PEC 12 \u2013 Lameirinha 2 15h52<\/b><\/p><p class=\"p6\">Parque Fechado (Pra\u00e7a das Comunidades) 16h37<\/p><\/div><\/div>\t\t\t\t\t\t\t\t<\/div>\n\t\t\t\t\t<\/div>\n\t\t\t\t<\/div>\n\t\t<div class=\"elementor-element elementor-element-ee5bbfb e-flex e-con-boxed e-con e-parent\" data-id=\"ee5bbfb\" data-element_type=\"container\" data-e-type=\"container\" data-settings=\"{&quot;background_background&quot;:&quot;classic&quot;}\">\n\t\t\t\t\t<div class=\"e-con-inner\">\n\t\t\t\t<div class=\"elementor-element elementor-element-ec2cc83 elementor-widget elementor-widget-text-editor\" data-id=\"ec2cc83\" data-element_type=\"widget\" data-e-type=\"widget\" data-widget_type=\"text-editor.default\">\n\t\t\t\t\t\t\t\t\t<div class=\"x14z9mp xat24cr x1lziwak x1vvkbs xtlvy1s x126k92a\"><div dir=\"auto\"><p class=\"p1\"><b>HISTORIC RALLY FAFE \u2013 SCHEDULE<\/b><\/p><p class=\"p3\"><span class=\"s1\"><b>FRIDAY<\/b><\/span><span class=\"s2\"><b> <\/b>(10 abril)<\/span><\/p><p class=\"p3\">Partida (C\u00e2mara Municipal de Fafe) 09h30<\/p><p class=\"p3\">Parque de Assist\u00eancia (Pra\u00e7a das Comunidades) 09h37\/09h52<\/p><p class=\"p3\"><b>PEC 1 \u2013 Santa Quit\u00e9ria 1 <\/b>(9,10 km)<b> 10h40<\/b><\/p><p class=\"p3\"><b>PEC 2 \u2013 S. Pedro 1 <\/b>(7,62 km)<b> 11h43<\/b><\/p><p class=\"p3\"><b>PEC 3 \u2013 Aboim\/Lu\u00edlhas 1 <\/b>(17,85 km) <b> 12h36<\/b><\/p><p class=\"p3\">Reagrupamento (Feira Velha) 13h36\/13h46<\/p><p class=\"p3\">Parque de Assist\u00eancia (Pra\u00e7a das Comunidades) 13h52\/14h20<\/p><p class=\"p3\"><b>PEC 4 \u2013 Santa Quit\u00e9ria 2 15h10<\/b><\/p><p class=\"p3\"><b>PEC 5 \u2013 S. Pedro 2 16h13<\/b><\/p><p class=\"p3\"><b>PEC 6 \u2013 Aboim\/Lu\u00edlhas 2 17h06<\/b><\/p><p class=\"p3\">Parque de Assist\u00eancia (Pra\u00e7a das Comunidades) 18h06\/18h51<\/p><p class=\"p3\">Parque Fechado (Feira Velha) 18h59<\/p><p class=\"p3\"><span class=\"s1\"><b>SATURDAY<\/b><\/span><span class=\"s2\"><b> <\/b>(11 abril)<\/span><\/p><p class=\"p3\">Partida (Feira Velha) 09h30<\/p><p class=\"p3\">Parque de Assist\u00eancia (Pra\u00e7a das Comunidades) 09h37\/09H52<\/p><p class=\"p3\"><b>PEC 7 \u2013 Seixoso 1 <\/b>(9,97 km)<b> 10h45<\/b><\/p><p class=\"p3\"><b>PEC 8 \u2013 Montim 1 <\/b>(8,63 km)<b> 11h38<\/b><\/p><p class=\"p3\"><b>PEC 9 \u2013 Lameirinha <\/b>(14,9 km)<b> 12h06<\/b><\/p><p class=\"p3\">Reagrupamento (Feira Velha) 12h51\/13h01<\/p><p class=\"p3\">Parque de Assist\u00eancia (Pra\u00e7a das Comunidades) 13h08\/13h38<\/p><p class=\"p3\"><b>PEC 10 \u2013 Seixoso 2 14h31<\/b><\/p><p class=\"p3\"><b>PEC 11 \u2013 Montim 2 15h24<\/b><\/p><p class=\"p3\"><b>PEC 12 \u2013 Lameirinha 2 15h52<\/b><\/p><p class=\"p3\">Parque Fechado (Pra\u00e7a das Comunidades) 16h37<\/p><\/div><\/div>\t\t\t\t\t\t\t\t<\/div>\n\t\t\t\t\t<\/div>\n\t\t\t\t<\/div>\n\t\t\t\t<\/div>","protected":false},"excerpt":{"rendered":"<p>The Belgian duo Christophe Jacob\/Isabelle Regnier, in a Ford Escort RS 1800, finished the first stage of the Historic Rally Fafe\u2014the opening round of the FIA European Historic Rally Championship on gravel\u2014this Friday with a 20.7s lead over Sammarinese Nemo Mazza (Ford Escort RS), after completing the first six special stages (69.14 km).<\/p>","protected":false},"author":1,"featured_media":693,"comment_status":"closed","ping_status":"closed","sticky":false,"template":"","format":"standard","meta":{"iawp_total_views":96,"footnotes":""},"categories":[1],"tags":[],"class_list":["post-691","post","type-post","status-publish","format-standard","has-post-thumbnail","hentry","category-uncategorized"],"yoast_head":"<!-- This site is optimized with the Yoast SEO plugin v27.5 - https:\/\/yoast.com\/product\/yoast-seo-wordpress\/ -->\n<title>Jacob consolida lideran\u00e7a - Historic Rally Fafe<\/title>\n<meta name=\"description\" content=\"A dupla belga Christophe Jacob\/Isabelle Regnier, no Ford Escort RS 1800, terminou, esta sexta-feira, a primeira etapa do Historic Rally Fafe, prova de abertura do Campeonato da Europa de Ralis Hist\u00f3ricos em piso de terra, com uma vantagem de 20.7s para o samarin\u00eas Nemo Mazza (Ford Escort RS), depois de cumpridas as primeiras seis classificativas (69,14 km).\" \/>\n<meta name=\"robots\" content=\"index, follow, max-snippet:-1, max-image-preview:large, max-video-preview:-1\" \/>\n<link rel=\"canonical\" href=\"https:\/\/historicrallyfafe.com\/en\/jacob-consolida-lideranca\/\" \/>\n<meta property=\"og:locale\" content=\"en_US\" \/>\n<meta property=\"og:type\" content=\"article\" \/>\n<meta property=\"og:title\" content=\"Jacob consolida lideran\u00e7a - Historic Rally Fafe\" \/>\n<meta property=\"og:description\" content=\"A dupla belga Christophe Jacob\/Isabelle Regnier, no Ford Escort RS 1800, terminou, esta sexta-feira, a primeira etapa do Historic Rally Fafe, prova de abertura do Campeonato da Europa de Ralis Hist\u00f3ricos em piso de terra, com uma vantagem de 20.7s para o samarin\u00eas Nemo Mazza (Ford Escort RS), depois de cumpridas as primeiras seis classificativas (69,14 km).\" \/>\n<meta property=\"og:url\" content=\"https:\/\/historicrallyfafe.com\/en\/jacob-consolida-lideranca\/\" \/>\n<meta property=\"og:site_name\" content=\"Historic Rally Fafe\" \/>\n<meta property=\"article:published_time\" content=\"2026-04-10T17:32:26+00:00\" \/>\n<meta property=\"article:modified_time\" content=\"2026-04-10T17:33:46+00:00\" \/>\n<meta property=\"og:image\" content=\"https:\/\/historicrallyfafe.com\/wp-content\/uploads\/2026\/04\/Jesus-Ferreiro-Perez_Historic-Rally-Fafe_PR05_-Large.jpeg\" \/>\n\t<meta property=\"og:image:width\" content=\"1280\" \/>\n\t<meta property=\"og:image:height\" content=\"853\" \/>\n\t<meta property=\"og:image:type\" content=\"image\/jpeg\" \/>\n<meta name=\"author\" content=\"admin\" \/>\n<meta name=\"twitter:card\" content=\"summary_large_image\" \/>\n<meta name=\"twitter:label1\" content=\"Written by\" \/>\n\t<meta name=\"twitter:data1\" content=\"admin\" \/>\n\t<meta name=\"twitter:label2\" content=\"Est. reading time\" \/>\n\t<meta name=\"twitter:data2\" content=\"3 minutes\" \/>\n<script type=\"application\/ld+json\" class=\"yoast-schema-graph\">{\"@context\":\"https:\\\/\\\/schema.org\",\"@graph\":[{\"@type\":\"Article\",\"@id\":\"https:\\\/\\\/historicrallyfafe.com\\\/jacob-consolida-lideranca\\\/#article\",\"isPartOf\":{\"@id\":\"https:\\\/\\\/historicrallyfafe.com\\\/jacob-consolida-lideranca\\\/\"},\"author\":{\"name\":\"admin\",\"@id\":\"https:\\\/\\\/historicrallyfafe.com\\\/#\\\/schema\\\/person\\\/59ec352aa519bb89f7fe1a4ae0c386a5\"},\"headline\":\"Jacob consolida lideran\u00e7a\",\"datePublished\":\"2026-04-10T17:32:26+00:00\",\"dateModified\":\"2026-04-10T17:33:46+00:00\",\"mainEntityOfPage\":{\"@id\":\"https:\\\/\\\/historicrallyfafe.com\\\/jacob-consolida-lideranca\\\/\"},\"wordCount\":525,\"publisher\":{\"@id\":\"https:\\\/\\\/historicrallyfafe.com\\\/#organization\"},\"image\":{\"@id\":\"https:\\\/\\\/historicrallyfafe.com\\\/jacob-consolida-lideranca\\\/#primaryimage\"},\"thumbnailUrl\":\"https:\\\/\\\/historicrallyfafe.com\\\/wp-content\\\/uploads\\\/2026\\\/04\\\/Jesus-Ferreiro-Perez_Historic-Rally-Fafe_PR05_-Large.jpeg\",\"inLanguage\":\"en-US\"},{\"@type\":\"WebPage\",\"@id\":\"https:\\\/\\\/historicrallyfafe.com\\\/jacob-consolida-lideranca\\\/\",\"url\":\"https:\\\/\\\/historicrallyfafe.com\\\/jacob-consolida-lideranca\\\/\",\"name\":\"Jacob consolida lideran\u00e7a - Historic Rally Fafe\",\"isPartOf\":{\"@id\":\"https:\\\/\\\/historicrallyfafe.com\\\/#website\"},\"primaryImageOfPage\":{\"@id\":\"https:\\\/\\\/historicrallyfafe.com\\\/jacob-consolida-lideranca\\\/#primaryimage\"},\"image\":{\"@id\":\"https:\\\/\\\/historicrallyfafe.com\\\/jacob-consolida-lideranca\\\/#primaryimage\"},\"thumbnailUrl\":\"https:\\\/\\\/historicrallyfafe.com\\\/wp-content\\\/uploads\\\/2026\\\/04\\\/Jesus-Ferreiro-Perez_Historic-Rally-Fafe_PR05_-Large.jpeg\",\"datePublished\":\"2026-04-10T17:32:26+00:00\",\"dateModified\":\"2026-04-10T17:33:46+00:00\",\"description\":\"A dupla belga Christophe Jacob\\\/Isabelle Regnier, no Ford Escort RS 1800, terminou, esta sexta-feira, a primeira etapa do Historic Rally Fafe, prova de abertura do Campeonato da Europa de Ralis Hist\u00f3ricos em piso de terra, com uma vantagem de 20.7s para o samarin\u00eas Nemo Mazza (Ford Escort RS), depois de cumpridas as primeiras seis classificativas (69,14 km).\",\"breadcrumb\":{\"@id\":\"https:\\\/\\\/historicrallyfafe.com\\\/jacob-consolida-lideranca\\\/#breadcrumb\"},\"inLanguage\":\"en-US\",\"potentialAction\":[{\"@type\":\"ReadAction\",\"target\":[\"https:\\\/\\\/historicrallyfafe.com\\\/jacob-consolida-lideranca\\\/\"]}]},{\"@type\":\"ImageObject\",\"inLanguage\":\"en-US\",\"@id\":\"https:\\\/\\\/historicrallyfafe.com\\\/jacob-consolida-lideranca\\\/#primaryimage\",\"url\":\"https:\\\/\\\/historicrallyfafe.com\\\/wp-content\\\/uploads\\\/2026\\\/04\\\/Jesus-Ferreiro-Perez_Historic-Rally-Fafe_PR05_-Large.jpeg\",\"contentUrl\":\"https:\\\/\\\/historicrallyfafe.com\\\/wp-content\\\/uploads\\\/2026\\\/04\\\/Jesus-Ferreiro-Perez_Historic-Rally-Fafe_PR05_-Large.jpeg\",\"width\":1280,\"height\":853},{\"@type\":\"BreadcrumbList\",\"@id\":\"https:\\\/\\\/historicrallyfafe.com\\\/jacob-consolida-lideranca\\\/#breadcrumb\",\"itemListElement\":[{\"@type\":\"ListItem\",\"position\":1,\"name\":\"Home\",\"item\":\"https:\\\/\\\/historicrallyfafe.com\\\/\"},{\"@type\":\"ListItem\",\"position\":2,\"name\":\"Jacob consolida lideran\u00e7a\"}]},{\"@type\":\"WebSite\",\"@id\":\"https:\\\/\\\/historicrallyfafe.com\\\/#website\",\"url\":\"https:\\\/\\\/historicrallyfafe.com\\\/\",\"name\":\"Historic Rally Fafe\",\"description\":\"\",\"publisher\":{\"@id\":\"https:\\\/\\\/historicrallyfafe.com\\\/#organization\"},\"potentialAction\":[{\"@type\":\"SearchAction\",\"target\":{\"@type\":\"EntryPoint\",\"urlTemplate\":\"https:\\\/\\\/historicrallyfafe.com\\\/?s={search_term_string}\"},\"query-input\":{\"@type\":\"PropertyValueSpecification\",\"valueRequired\":true,\"valueName\":\"search_term_string\"}}],\"inLanguage\":\"en-US\"},{\"@type\":\"Organization\",\"@id\":\"https:\\\/\\\/historicrallyfafe.com\\\/#organization\",\"name\":\"Historic Rally Fafe\",\"url\":\"https:\\\/\\\/historicrallyfafe.com\\\/\",\"logo\":{\"@type\":\"ImageObject\",\"inLanguage\":\"en-US\",\"@id\":\"https:\\\/\\\/historicrallyfafe.com\\\/#\\\/schema\\\/logo\\\/image\\\/\",\"url\":\"https:\\\/\\\/historicrallyfafe.com\\\/wp-content\\\/uploads\\\/2026\\\/02\\\/cropped-cropped-Placa-Historic-Fafe-scaled-1.png\",\"contentUrl\":\"https:\\\/\\\/historicrallyfafe.com\\\/wp-content\\\/uploads\\\/2026\\\/02\\\/cropped-cropped-Placa-Historic-Fafe-scaled-1.png\",\"width\":1092,\"height\":696,\"caption\":\"Historic Rally Fafe\"},\"image\":{\"@id\":\"https:\\\/\\\/historicrallyfafe.com\\\/#\\\/schema\\\/logo\\\/image\\\/\"}},{\"@type\":\"Person\",\"@id\":\"https:\\\/\\\/historicrallyfafe.com\\\/#\\\/schema\\\/person\\\/59ec352aa519bb89f7fe1a4ae0c386a5\",\"name\":\"admin\",\"image\":{\"@type\":\"ImageObject\",\"inLanguage\":\"en-US\",\"@id\":\"https:\\\/\\\/secure.gravatar.com\\\/avatar\\\/f33e2e0058df10eb23e9148d4c54000bfff6b16bede661928707b9564ff82293?s=96&d=mm&r=g\",\"url\":\"https:\\\/\\\/secure.gravatar.com\\\/avatar\\\/f33e2e0058df10eb23e9148d4c54000bfff6b16bede661928707b9564ff82293?s=96&d=mm&r=g\",\"contentUrl\":\"https:\\\/\\\/secure.gravatar.com\\\/avatar\\\/f33e2e0058df10eb23e9148d4c54000bfff6b16bede661928707b9564ff82293?s=96&d=mm&r=g\",\"caption\":\"admin\"},\"sameAs\":[\"https:\\\/\\\/historicrallyfafe.com\"],\"url\":\"https:\\\/\\\/historicrallyfafe.com\\\/en\\\/author\\\/historicrallyfafe\\\/\"}]}<\/script>\n<!-- \/ Yoast SEO plugin. -->","yoast_head_json":{"title":"Jacob consolida lideran\u00e7a - Historic Rally Fafe","description":"The Belgian duo Christophe Jacob\/Isabelle Regnier, in a Ford Escort RS 1800, finished the first stage of the Historic Rally Fafe\u2014the opening round of the FIA European Historic Rally Championship on gravel\u2014this Friday with a 20.7s lead over Sammarinese Nemo Mazza (Ford Escort RS), after completing the first six special stages (69.14 km).","robots":{"index":"index","follow":"follow","max-snippet":"max-snippet:-1","max-image-preview":"max-image-preview:large","max-video-preview":"max-video-preview:-1"},"canonical":"https:\/\/historicrallyfafe.com\/en\/jacob-consolida-lideranca\/","og_locale":"en_US","og_type":"article","og_title":"Jacob consolida lideran\u00e7a - Historic Rally Fafe","og_description":"A dupla belga Christophe Jacob\/Isabelle Regnier, no Ford Escort RS 1800, terminou, esta sexta-feira, a primeira etapa do Historic Rally Fafe, prova de abertura do Campeonato da Europa de Ralis Hist\u00f3ricos em piso de terra, com uma vantagem de 20.7s para o samarin\u00eas Nemo Mazza (Ford Escort RS), depois de cumpridas as primeiras seis classificativas (69,14 km).","og_url":"https:\/\/historicrallyfafe.com\/en\/jacob-consolida-lideranca\/","og_site_name":"Historic Rally Fafe","article_published_time":"2026-04-10T17:32:26+00:00","article_modified_time":"2026-04-10T17:33:46+00:00","og_image":[{"width":1280,"height":853,"url":"https:\/\/historicrallyfafe.com\/wp-content\/uploads\/2026\/04\/Jesus-Ferreiro-Perez_Historic-Rally-Fafe_PR05_-Large.jpeg","type":"image\/jpeg"}],"author":"admin","twitter_card":"summary_large_image","twitter_misc":{"Written by":"admin","Est. reading time":"3 minutes"},"schema":{"@context":"https:\/\/schema.org","@graph":[{"@type":"Article","@id":"https:\/\/historicrallyfafe.com\/jacob-consolida-lideranca\/#article","isPartOf":{"@id":"https:\/\/historicrallyfafe.com\/jacob-consolida-lideranca\/"},"author":{"name":"admin","@id":"https:\/\/historicrallyfafe.com\/#\/schema\/person\/59ec352aa519bb89f7fe1a4ae0c386a5"},"headline":"Jacob consolida lideran\u00e7a","datePublished":"2026-04-10T17:32:26+00:00","dateModified":"2026-04-10T17:33:46+00:00","mainEntityOfPage":{"@id":"https:\/\/historicrallyfafe.com\/jacob-consolida-lideranca\/"},"wordCount":525,"publisher":{"@id":"https:\/\/historicrallyfafe.com\/#organization"},"image":{"@id":"https:\/\/historicrallyfafe.com\/jacob-consolida-lideranca\/#primaryimage"},"thumbnailUrl":"https:\/\/historicrallyfafe.com\/wp-content\/uploads\/2026\/04\/Jesus-Ferreiro-Perez_Historic-Rally-Fafe_PR05_-Large.jpeg","inLanguage":"en-US"},{"@type":"WebPage","@id":"https:\/\/historicrallyfafe.com\/jacob-consolida-lideranca\/","url":"https:\/\/historicrallyfafe.com\/jacob-consolida-lideranca\/","name":"Jacob consolida lideran\u00e7a - Historic Rally Fafe","isPartOf":{"@id":"https:\/\/historicrallyfafe.com\/#website"},"primaryImageOfPage":{"@id":"https:\/\/historicrallyfafe.com\/jacob-consolida-lideranca\/#primaryimage"},"image":{"@id":"https:\/\/historicrallyfafe.com\/jacob-consolida-lideranca\/#primaryimage"},"thumbnailUrl":"https:\/\/historicrallyfafe.com\/wp-content\/uploads\/2026\/04\/Jesus-Ferreiro-Perez_Historic-Rally-Fafe_PR05_-Large.jpeg","datePublished":"2026-04-10T17:32:26+00:00","dateModified":"2026-04-10T17:33:46+00:00","description":"The Belgian duo Christophe Jacob\/Isabelle Regnier, in a Ford Escort RS 1800, finished the first stage of the Historic Rally Fafe\u2014the opening round of the FIA European Historic Rally Championship on gravel\u2014this Friday with a 20.7s lead over Sammarinese Nemo Mazza (Ford Escort RS), after completing the first six special stages (69.14 km).","breadcrumb":{"@id":"https:\/\/historicrallyfafe.com\/jacob-consolida-lideranca\/#breadcrumb"},"inLanguage":"en-US","potentialAction":[{"@type":"ReadAction","target":["https:\/\/historicrallyfafe.com\/jacob-consolida-lideranca\/"]}]},{"@type":"ImageObject","inLanguage":"en-US","@id":"https:\/\/historicrallyfafe.com\/jacob-consolida-lideranca\/#primaryimage","url":"https:\/\/historicrallyfafe.com\/wp-content\/uploads\/2026\/04\/Jesus-Ferreiro-Perez_Historic-Rally-Fafe_PR05_-Large.jpeg","contentUrl":"https:\/\/historicrallyfafe.com\/wp-content\/uploads\/2026\/04\/Jesus-Ferreiro-Perez_Historic-Rally-Fafe_PR05_-Large.jpeg","width":1280,"height":853},{"@type":"BreadcrumbList","@id":"https:\/\/historicrallyfafe.com\/jacob-consolida-lideranca\/#breadcrumb","itemListElement":[{"@type":"ListItem","position":1,"name":"Home","item":"https:\/\/historicrallyfafe.com\/"},{"@type":"ListItem","position":2,"name":"Jacob consolida lideran\u00e7a"}]},{"@type":"WebSite","@id":"https:\/\/historicrallyfafe.com\/#website","url":"https:\/\/historicrallyfafe.com\/","name":"Historic Rally Fafe","description":"","publisher":{"@id":"https:\/\/historicrallyfafe.com\/#organization"},"potentialAction":[{"@type":"SearchAction","target":{"@type":"EntryPoint","urlTemplate":"https:\/\/historicrallyfafe.com\/?s={search_term_string}"},"query-input":{"@type":"PropertyValueSpecification","valueRequired":true,"valueName":"search_term_string"}}],"inLanguage":"en-US"},{"@type":"Organization","@id":"https:\/\/historicrallyfafe.com\/#organization","name":"Historic Rally Fafe","url":"https:\/\/historicrallyfafe.com\/","logo":{"@type":"ImageObject","inLanguage":"en-US","@id":"https:\/\/historicrallyfafe.com\/#\/schema\/logo\/image\/","url":"https:\/\/historicrallyfafe.com\/wp-content\/uploads\/2026\/02\/cropped-cropped-Placa-Historic-Fafe-scaled-1.png","contentUrl":"https:\/\/historicrallyfafe.com\/wp-content\/uploads\/2026\/02\/cropped-cropped-Placa-Historic-Fafe-scaled-1.png","width":1092,"height":696,"caption":"Historic Rally Fafe"},"image":{"@id":"https:\/\/historicrallyfafe.com\/#\/schema\/logo\/image\/"}},{"@type":"Person","@id":"https:\/\/historicrallyfafe.com\/#\/schema\/person\/59ec352aa519bb89f7fe1a4ae0c386a5","name":"admin","image":{"@type":"ImageObject","inLanguage":"en-US","@id":"https:\/\/secure.gravatar.com\/avatar\/f33e2e0058df10eb23e9148d4c54000bfff6b16bede661928707b9564ff82293?s=96&d=mm&r=g","url":"https:\/\/secure.gravatar.com\/avatar\/f33e2e0058df10eb23e9148d4c54000bfff6b16bede661928707b9564ff82293?s=96&d=mm&r=g","contentUrl":"https:\/\/secure.gravatar.com\/avatar\/f33e2e0058df10eb23e9148d4c54000bfff6b16bede661928707b9564ff82293?s=96&d=mm&r=g","caption":"admin"},"sameAs":["https:\/\/historicrallyfafe.com"],"url":"https:\/\/historicrallyfafe.com\/en\/author\/historicrallyfafe\/"}]}},"_links":{"self":[{"href":"https:\/\/historicrallyfafe.com\/en\/wp-json\/wp\/v2\/posts\/691","targetHints":{"allow":["GET"]}}],"collection":[{"href":"https:\/\/historicrallyfafe.com\/en\/wp-json\/wp\/v2\/posts"}],"about":[{"href":"https:\/\/historicrallyfafe.com\/en\/wp-json\/wp\/v2\/types\/post"}],"author":[{"embeddable":true,"href":"https:\/\/historicrallyfafe.com\/en\/wp-json\/wp\/v2\/users\/1"}],"replies":[{"embeddable":true,"href":"https:\/\/historicrallyfafe.com\/en\/wp-json\/wp\/v2\/comments?post=691"}],"version-history":[{"count":6,"href":"https:\/\/historicrallyfafe.com\/en\/wp-json\/wp\/v2\/posts\/691\/revisions"}],"predecessor-version":[{"id":700,"href":"https:\/\/historicrallyfafe.com\/en\/wp-json\/wp\/v2\/posts\/691\/revisions\/700"}],"wp:featuredmedia":[{"embeddable":true,"href":"https:\/\/historicrallyfafe.com\/en\/wp-json\/wp\/v2\/media\/693"}],"wp:attachment":[{"href":"https:\/\/historicrallyfafe.com\/en\/wp-json\/wp\/v2\/media?parent=691"}],"wp:term":[{"taxonomy":"category","embeddable":true,"href":"https:\/\/historicrallyfafe.com\/en\/wp-json\/wp\/v2\/categories?post=691"},{"taxonomy":"post_tag","embeddable":true,"href":"https:\/\/historicrallyfafe.com\/en\/wp-json\/wp\/v2\/tags?post=691"}],"curies":[{"name":"wp","href":"https:\/\/api.w.org\/{rel}","templated":true}]}}